{"id":223,"date":"2023-07-25T11:17:21","date_gmt":"2023-07-25T09:17:21","guid":{"rendered":"https:\/\/ecridures.xyz\/?p=223"},"modified":"2023-09-05T09:34:50","modified_gmt":"2023-09-05T07:34:50","slug":"et-si-on-ecoutait-les-experts-du-travail-ceux-qui-le-font","status":"publish","type":"post","link":"https:\/\/ecridures.xyz\/?p=223","title":{"rendered":"Et si on \u00e9coutait les experts du travail, ceux qui le font"},"content":{"rendered":"\n<p>Alain Alphon-Layre. L\u2019Harmattan, 2023.<\/p>\n\n\n\n<p>Voil\u00e0 bien un livre qui nous int\u00e9resse et nous parle, \u00e0 la coop\u00e9rative Dire Le Travail. Et nous avons d\u2019ailleurs eu l\u2019occasion de croiser la route d\u2019Alain Alphon-Layre, quand, responsable CGT, il s\u2019effor\u00e7ait d\u2019encourager la prise en compte du travail du vivant dans les pr\u00e9occupations syndicales, au-del\u00e0 des questions d\u2019emploi. Comment d\u00e9passer la distinction historique qui s\u2019est impos\u00e9e \u00e0 l\u2019\u00e8re du taylorisme, laissant la main aux employeurs sur la d\u00e9finition du contenu de l\u2019activit\u00e9, les syndicalistes ne s\u2019occupant que des conditions dans lesquelles elle est r\u00e9alis\u00e9e\u2009? \u00c0 l\u2019extr\u00eame, tant pis si le travail \u00e0 la mine, \u00e0 la chaine, sur la plateforme d\u2019appel est d\u00e9gradant, pour celui qui le fait comme par son impact sur le monde, pourvu qu\u2019il soit pay\u00e9 correctement, en ne prenant pas trop de temps, en ne risquant pas trop sa sant\u00e9. Consid\u00e9rer que les travailleurs sont \u00ab\u2009experts de leur travail\u2009\u00bb, sont l\u00e9gitimes \u00e0 discuter de la t\u00e2che et de la proc\u00e9dure avec l\u2019ing\u00e9nieur des m\u00e9thodes, le manager ne va pas toujours de soi dans le monde syndical, et Alain doit encore formuler cette id\u00e9e sous forme de question pour le titre de son livre. Souhaitons que Sophie Binet, par exemple, r\u00e9ponde \u00ab\u2009oui, bien s\u00fbr, donnons-nous en les moyens, en ne parlant pas que semaine de 32&nbsp;heures et retraite \u00e0 60&nbsp;ans\u2009!\u2009\u00bb<\/p>\n\n\n\n<p>\u00c9couter la parole des travailleurs sur leur activit\u00e9 est d\u2019autant plus important en ces temps o\u00f9 \u00ab\u2009le management\u2009\u00bb envahit les ateliers, les bureaux, les services. Alain a donc tendu son micro \u00e0 treize personnes, en les invitant \u00e0 lui dire ce qu\u2019elles souhaitent \u00e0 partir de deux questions simples&nbsp;: comment travaillez-vous\u2009? Comment aimeriez-vous travailler\u2009? \u00c0 la premi\u00e8re question, chacun se lance d\u2019abord dans des explications, plus ou moins longues, sur ce qu\u2019on lui demande de faire, sur ce qu\u2019il est cens\u00e9 faire, sur les conditions dans lesquelles il doit se d\u00e9brouiller pour faire. Et \u00e7a ne manque pas d\u2019int\u00e9r\u00eat d\u2019\u00eatre ainsi invit\u00e9 par le narrateur \u00e0 d\u00e9couvrir un atelier de production de disjoncteurs, de soudure, un bloc op\u00e9ratoire, un commissariat, un tribunal, une salle de classe. Le lecteur a bien quelques images en t\u00eate, mais une visite accompagn\u00e9e d\u2019un guide tr\u00e8s familier des lieux est bienvenue, \u00e9clairante. Et on peut s\u2019inqui\u00e9ter de ce qui est d\u00e9crit dans les r\u00e9cits de l\u2019organisation du travail tel qu\u2019elle est impos\u00e9e&nbsp;: manifestement, les managers, tout occup\u00e9s \u00e0 r\u00e9duire les couts, \u00e0 optimiser les process, \u00e0 tendre les flux, ne garantissent pas les conditions d\u2019un travail de qualit\u00e9. Pour reprendre la conclusion de Caroline, monteuse manuelle en usine, \u00ab\u2009<em>Les conditions de travail ont \u00e9t\u00e9 am\u00e9lior\u00e9es, c\u2019est ind\u00e9niable, mais la reconnaissance, le savoir-faire et la qualit\u00e9 de la production ne sont pas ce qu\u2019ils devraient \u00eatre, c\u2019est \u00e7a qu\u2019il faut changer pour bien travailler et \u00eatre mieux au boulot.<\/em>\u2009\u00bb<\/p>\n\n\n\n<p>Tout emp\u00eatr\u00e9s dans ces prescriptions qui prolif\u00e8rent, ces travailleurs se font souvent porte-paroles de leur m\u00e9tier pour revendiquer un peu d\u2019air, de marge de man\u0153uvre propre, et, dans leur r\u00e9cit, tardent parfois \u00e0 recourir au \u00ab\u2009je\u2009\u00bb, \u00e0  raconter, pour de bon, leur activit\u00e9. Finalement, c\u2019est tout de m\u00eame l\u2019essentiel&nbsp;: ce qui se passe entre le magistrat et les pr\u00e9venus ou les victimes, entre l\u2019enseignante ou l\u2019aide-\u00e9ducateur et ses \u00e9l\u00e8ves, les savoir-faire et tours de main du livreur \u00e0 v\u00e9lo, du soudeur, de l\u2019agent de caisse ou d\u2019entretien. Dans ses commentaires, Alain rappelle toute la place de la triche dans le travail contemporain, parce qu\u2019il faut bien se d\u00e9brouiller. Il y a encore beaucoup \u00e0 \u00e9crire, certainement pour d\u2019autres livres \u00e0 venir\u2009!<\/p>\n\n\n\n<p><a href=\"https:\/\/www.metiseurope.eu\/2023\/06\/30\/alain-alphon-layre-et-si-on-ecoutait-les-experts-du-travail-ceux-qui-le-font\/\">https:\/\/www.metiseurope.eu\/2023\/06\/30\/alain-alphon-layre-et-si-on-ecoutait-les-experts-du-travail-ceux-qui-le-font\/<\/a><\/p>\n","protected":false},"excerpt":{"rendered":"<p>Alain Alphon-Layre. L\u2019Harmattan, 2023. Voil\u00e0 bien un livre qui nous int\u00e9resse et nous parle, \u00e0 la coop\u00e9rative Dire Le Travail. Et nous avons d\u2019ailleurs eu l\u2019occasion de croiser la route d\u2019Alain Alphon-Layre, quand, responsable CGT, il s\u2019effor\u00e7ait d\u2019encourager la prise en compte du travail du vivant dans les pr\u00e9occupations syndicales, au-del\u00e0 des questions d\u2019emploi. Comment &hellip; <a href=\"https:\/\/ecridures.xyz\/?p=223\" class=\"more-link\">Continuer la lecture<span class=\"screen-reader-text\"> de &laquo;&nbsp;Et si on \u00e9coutait les experts du travail, ceux qui le font&nbsp;&raquo;<\/span><\/a><\/p>\n","protected":false},"author":1,"featured_media":0,"comment_status":"open","ping_status":"open","sticky":false,"template":"","format":"standard","meta":{"footnotes":""},"categories":[3],"tags":[149,150],"class_list":["post-223","post","type-post","status-publish","format-standard","hentry","category-recits-de-travail","tag-alain-alphon-layre","tag-lharmattan"],"_links":{"self":[{"href":"https:\/\/ecridures.xyz\/index.php?rest_route=\/wp\/v2\/posts\/223","targetHints":{"allow":["GET"]}}],"collection":[{"href":"https:\/\/ecridures.xyz\/index.php?rest_route=\/wp\/v2\/posts"}],"about":[{"href":"https:\/\/ecridures.xyz\/index.php?rest_route=\/wp\/v2\/types\/post"}],"author":[{"embeddable":true,"href":"https:\/\/ecridures.xyz\/index.php?rest_route=\/wp\/v2\/users\/1"}],"replies":[{"embeddable":true,"href":"https:\/\/ecridures.xyz\/index.php?rest_route=%2Fwp%2Fv2%2Fcomments&post=223"}],"version-history":[{"count":3,"href":"https:\/\/ecridures.xyz\/index.php?rest_route=\/wp\/v2\/posts\/223\/revisions"}],"predecessor-version":[{"id":290,"href":"https:\/\/ecridures.xyz\/index.php?rest_route=\/wp\/v2\/posts\/223\/revisions\/290"}],"wp:attachment":[{"href":"https:\/\/ecridures.xyz\/index.php?rest_route=%2Fwp%2Fv2%2Fmedia&parent=223"}],"wp:term":[{"taxonomy":"category","embeddable":true,"href":"https:\/\/ecridures.xyz\/index.php?rest_route=%2Fwp%2Fv2%2Fcategories&post=223"},{"taxonomy":"post_tag","embeddable":true,"href":"https:\/\/ecridures.xyz\/index.php?rest_route=%2Fwp%2Fv2%2Ftags&post=223"}],"curies":[{"name":"wp","href":"https:\/\/api.w.org\/{rel}","templated":true}]}}