{"id":43,"date":"2021-09-09T13:08:00","date_gmt":"2021-09-09T11:08:00","guid":{"rendered":"https:\/\/ecridures.xyz\/?p=43"},"modified":"2023-07-09T22:48:03","modified_gmt":"2023-07-09T20:48:03","slug":"les-en-dehors-anarchistes-individualistes-et-illegalistes-a-la-belle-epoque","status":"publish","type":"post","link":"https:\/\/ecridures.xyz\/?p=43","title":{"rendered":"Les en-dehors. Anarchistes individualistes et ill\u00e9galistes \u00e0 la Belle \u00c9poque"},"content":{"rendered":"\n<p>Anne Steiner. L&rsquo;\u00e9chapp\u00e9e, 2020.<\/p>\n\n\n\n<p>Trois mots-cl\u00e9s\u00a0:<\/p>\n\n\n\n<p>anarchistes, parce qu\u2019\u00e0 la recherche d\u2019une subversion du mode de vie \u00e9tatique, sinon de l\u2019\u00c9tat lui-m\u00eame&nbsp;: comment s\u2019y d\u00e9rober, s\u2019y opposer&nbsp;?<\/p>\n\n\n\n<p>Individualistes&nbsp;: terme curieux pour des personnes d\u00e9crites comme aspirant \u00e0 des vies communautaires, passant beaucoup de temps en r\u00e9union et pol\u00e9miques, en conf\u00e9rences et manifestations, en publications en tout genre. Individualistes dans le sens o\u00f9 ils sont soucieux de mettre en pratique pour eux-m\u00eames leurs convictions, de mener des existences en coh\u00e9rence avec leur conception du monde&nbsp;: de la sobri\u00e9t\u00e9 au v\u00e9g\u00e9tarisme, en passant par l\u2019amour libre.<\/p>\n\n\n\n<p>Ill\u00e9galistes&nbsp;: pas tant ill\u00e9gaux que contre la loi, par principe, contre la propri\u00e9t\u00e9, et alors faux-monnayeurs, voleurs pour certains. Mais les pol\u00e9miques sont vives, et la d\u00e9rive de la bande \u00e0 Bono une d\u00e9marche extr\u00eame.<\/p>\n\n\n\n<p>Tous se construisent en opposition&nbsp;: \u00e0 une famille nocive, \u00e9touffante, \u00e0 la Vall\u00e8s&nbsp;; \u00e0 une \u00e9cole ne tenant pas ses promesses ou son potentiel \u00e9mancipateur&nbsp;; \u00e0 un milieu de travail anthropophage&nbsp;; \u00e0 la mis\u00e8re humaine du milieu ouvrier (alcoolisme, servitude volontaire). Mais de fa\u00e7on largement positive&nbsp;: avec un app\u00e9tit de connaissances, de culture, une envie de vivre autrement, une \u00e9nergie formidable, fondamentalement optimiste (dans une \u00e9poque pas si \u00ab&nbsp;belle&nbsp;\u00bb, tr\u00e8s dure aux insoumis, aux manifestants, aux jeunes envoy\u00e9s dans les \u00ab&nbsp;bat\u2019 d\u2019Af\u2019&nbsp;\u00bb.<\/p>\n\n\n\n<p>O\u00f9 sont les rebelles d\u2019aujourd\u2019hui&nbsp;? Pour quelle r\u00e9bellion&nbsp;? O\u00f9 sont les anarchistes&nbsp;?<\/p>\n\n\n\n<p><a href=\"https:\/\/www.lechappee.org\/collections\/dans-le-feu-de-l-action\/les-en-dehors\">https:\/\/www.lechappee.org\/collections\/dans-le-feu-de-l-action\/les-en-dehors<\/a><\/p>\n\n\n\n<figure class=\"wp-block-embed is-type-wp-embed is-provider-en-attendant-nadeau wp-block-embed-en-attendant-nadeau\"><div class=\"wp-block-embed__wrapper\">\n<blockquote class=\"wp-embedded-content\" data-secret=\"w1jG9gAPOp\"><a href=\"https:\/\/www.en-attendant-nadeau.fr\/2019\/07\/02\/impatiences-anarchistes-steiner\/\">Impatiences anarchistes<\/a><\/blockquote><iframe loading=\"lazy\" class=\"wp-embedded-content\" sandbox=\"allow-scripts\" security=\"restricted\" style=\"position: absolute; clip: rect(1px, 1px, 1px, 1px);\" title=\"\u00ab\u00a0Impatiences anarchistes\u00a0\u00bb &#8212; En attendant Nadeau\" src=\"https:\/\/www.en-attendant-nadeau.fr\/2019\/07\/02\/impatiences-anarchistes-steiner\/embed\/#?secret=z2lPcZEd5d#?secret=w1jG9gAPOp\" data-secret=\"w1jG9gAPOp\" width=\"600\" height=\"338\" frameborder=\"0\" marginwidth=\"0\" marginheight=\"0\" scrolling=\"no\"><\/iframe>\n<\/div><\/figure>\n","protected":false},"excerpt":{"rendered":"<p>Anne Steiner. L&rsquo;\u00e9chapp\u00e9e, 2020. Trois mots-cl\u00e9s\u00a0: anarchistes, parce qu\u2019\u00e0 la recherche d\u2019une subversion du mode de vie \u00e9tatique, sinon de l\u2019\u00c9tat lui-m\u00eame&nbsp;: comment s\u2019y d\u00e9rober, s\u2019y opposer&nbsp;? Individualistes&nbsp;: terme curieux pour des personnes d\u00e9crites comme aspirant \u00e0 des vies communautaires, passant beaucoup de temps en r\u00e9union et pol\u00e9miques, en conf\u00e9rences et manifestations, en publications en &hellip; <a href=\"https:\/\/ecridures.xyz\/?p=43\" class=\"more-link\">Continuer la lecture<span class=\"screen-reader-text\"> de &laquo;&nbsp;Les en-dehors. Anarchistes individualistes et ill\u00e9galistes \u00e0 la Belle \u00c9poque&nbsp;&raquo;<\/span><\/a><\/p>\n","protected":false},"author":1,"featured_media":0,"comment_status":"open","ping_status":"open","sticky":false,"template":"","format":"standard","meta":{"footnotes":""},"categories":[16,31],"tags":[32,33],"class_list":["post-43","post","type-post","status-publish","format-standard","hentry","category-histoire","category-politique","tag-anne-steiner","tag-lechappee"],"_links":{"self":[{"href":"https:\/\/ecridures.xyz\/index.php?rest_route=\/wp\/v2\/posts\/43","targetHints":{"allow":["GET"]}}],"collection":[{"href":"https:\/\/ecridures.xyz\/index.php?rest_route=\/wp\/v2\/posts"}],"about":[{"href":"https:\/\/ecridures.xyz\/index.php?rest_route=\/wp\/v2\/types\/post"}],"author":[{"embeddable":true,"href":"https:\/\/ecridures.xyz\/index.php?rest_route=\/wp\/v2\/users\/1"}],"replies":[{"embeddable":true,"href":"https:\/\/ecridures.xyz\/index.php?rest_route=%2Fwp%2Fv2%2Fcomments&post=43"}],"version-history":[{"count":2,"href":"https:\/\/ecridures.xyz\/index.php?rest_route=\/wp\/v2\/posts\/43\/revisions"}],"predecessor-version":[{"id":207,"href":"https:\/\/ecridures.xyz\/index.php?rest_route=\/wp\/v2\/posts\/43\/revisions\/207"}],"wp:attachment":[{"href":"https:\/\/ecridures.xyz\/index.php?rest_route=%2Fwp%2Fv2%2Fmedia&parent=43"}],"wp:term":[{"taxonomy":"category","embeddable":true,"href":"https:\/\/ecridures.xyz\/index.php?rest_route=%2Fwp%2Fv2%2Fcategories&post=43"},{"taxonomy":"post_tag","embeddable":true,"href":"https:\/\/ecridures.xyz\/index.php?rest_route=%2Fwp%2Fv2%2Ftags&post=43"}],"curies":[{"name":"wp","href":"https:\/\/api.w.org\/{rel}","templated":true}]}}