{"id":45,"date":"2023-04-13T17:51:37","date_gmt":"2023-04-13T15:51:37","guid":{"rendered":"https:\/\/ecridures.xyz\/?p=45"},"modified":"2023-04-13T17:51:37","modified_gmt":"2023-04-13T15:51:37","slug":"une-journee-fasciste-celestin-et-elise-freinet-pedagogues-et-militants","status":"publish","type":"post","link":"https:\/\/ecridures.xyz\/?p=45","title":{"rendered":"Une journ\u00e9e fasciste. C\u00e9lestin et \u00c9lise Freinet, p\u00e9dagogues et militants"},"content":{"rendered":"\n<p>L&rsquo;entr\u00e9e est tr\u00e8s historique : les Freinet dans le contexte de leur \u00e9poque aux prises avec une administration. L&rsquo;\u00e9criture s&rsquo;appuie beaucoup sur des sources, en particulier la correspondance de l&rsquo;instituteur avec son inspecteur, son recteur, le ministre m\u00eame. Il y a quelque chose de plus direct, de plus simple qu&rsquo;aujourd&rsquo;hui, mais pas moins de contr\u00f4le hi\u00e9rarchique, peut-\u00eatre m\u00eame plus de regards sur la bonne moralit\u00e9 du fonctionnaire. Un regret : la probl\u00e9matique semble avant tout orient\u00e9e par les archives disponibles, en tout cas celles consult\u00e9es, et on ne voit pas beaucoup Freinet animateur d&rsquo;un r\u00e9seau de correspondants, inscrit dans un mouvement collectif de la profession.<\/p>\n\n\n\n<p><a href=\"https:\/\/agone.org\/livres\/une-journee-fasciste\">https:\/\/agone.org\/livres\/une-journee-fasciste<\/a><\/p>\n\n\n\n<figure class=\"wp-block-embed is-type-wp-embed is-provider-les-cahiers-pedagogiques wp-block-embed-les-cahiers-pedagogiques\"><div class=\"wp-block-embed__wrapper\">\n<blockquote class=\"wp-embedded-content\" data-secret=\"ocxZBWFXJh\"><a href=\"https:\/\/www.cahiers-pedagogiques.com\/une-journee-fasciste-celestin-et-elise-freinet-pedagogues-et-militants\/\">Une journ\u00e9e fasciste. C\u00e9lestin et \u00c9lise Freinet, p\u00e9dagogues et militants<\/a><\/blockquote><iframe loading=\"lazy\" class=\"wp-embedded-content\" sandbox=\"allow-scripts\" security=\"restricted\" style=\"position: absolute; clip: rect(1px, 1px, 1px, 1px);\" title=\"\u00ab\u00a0Une journ\u00e9e fasciste. C\u00e9lestin et \u00c9lise Freinet, p\u00e9dagogues et militants\u00a0\u00bb &#8212; Les Cahiers p\u00e9dagogiques\" src=\"https:\/\/www.cahiers-pedagogiques.com\/une-journee-fasciste-celestin-et-elise-freinet-pedagogues-et-militants\/embed\/#?secret=l8ljf1WXBf#?secret=ocxZBWFXJh\" data-secret=\"ocxZBWFXJh\" width=\"600\" height=\"338\" frameborder=\"0\" marginwidth=\"0\" marginheight=\"0\" scrolling=\"no\"><\/iframe>\n<\/div><\/figure>\n\n\n\n<p><a href=\"https:\/\/www.lemonde.fr\/idees\/article\/2022\/11\/30\/une-journee-fasciste-ou-comment-les-freinet-ont-fait-ecole_6152269_3232.html\">https:\/\/www.lemonde.fr\/idees\/article\/2022\/11\/30\/une-journee-fasciste-ou-comment-les-freinet-ont-fait-ecole_6152269_3232.html<\/a><\/p>\n","protected":false},"excerpt":{"rendered":"<p>L&rsquo;entr\u00e9e est tr\u00e8s historique : les Freinet dans le contexte de leur \u00e9poque aux prises avec une administration. L&rsquo;\u00e9criture s&rsquo;appuie beaucoup sur des sources, en particulier la correspondance de l&rsquo;instituteur avec son inspecteur, son recteur, le ministre m\u00eame. Il y a quelque chose de plus direct, de plus simple qu&rsquo;aujourd&rsquo;hui, mais pas moins de contr\u00f4le &hellip; <a href=\"https:\/\/ecridures.xyz\/?p=45\" class=\"more-link\">Continuer la lecture<span class=\"screen-reader-text\"> de &laquo;&nbsp;Une journ\u00e9e fasciste. C\u00e9lestin et \u00c9lise Freinet, p\u00e9dagogues et militants&nbsp;&raquo;<\/span><\/a><\/p>\n","protected":false},"author":1,"featured_media":0,"comment_status":"open","ping_status":"open","sticky":false,"template":"","format":"standard","meta":{"footnotes":""},"categories":[34,16],"tags":[36,35],"class_list":["post-45","post","type-post","status-publish","format-standard","hentry","category-education","category-histoire","tag-agone","tag-laurence-de-cock"],"_links":{"self":[{"href":"https:\/\/ecridures.xyz\/index.php?rest_route=\/wp\/v2\/posts\/45","targetHints":{"allow":["GET"]}}],"collection":[{"href":"https:\/\/ecridures.xyz\/index.php?rest_route=\/wp\/v2\/posts"}],"about":[{"href":"https:\/\/ecridures.xyz\/index.php?rest_route=\/wp\/v2\/types\/post"}],"author":[{"embeddable":true,"href":"https:\/\/ecridures.xyz\/index.php?rest_route=\/wp\/v2\/users\/1"}],"replies":[{"embeddable":true,"href":"https:\/\/ecridures.xyz\/index.php?rest_route=%2Fwp%2Fv2%2Fcomments&post=45"}],"version-history":[{"count":1,"href":"https:\/\/ecridures.xyz\/index.php?rest_route=\/wp\/v2\/posts\/45\/revisions"}],"predecessor-version":[{"id":46,"href":"https:\/\/ecridures.xyz\/index.php?rest_route=\/wp\/v2\/posts\/45\/revisions\/46"}],"wp:attachment":[{"href":"https:\/\/ecridures.xyz\/index.php?rest_route=%2Fwp%2Fv2%2Fmedia&parent=45"}],"wp:term":[{"taxonomy":"category","embeddable":true,"href":"https:\/\/ecridures.xyz\/index.php?rest_route=%2Fwp%2Fv2%2Fcategories&post=45"},{"taxonomy":"post_tag","embeddable":true,"href":"https:\/\/ecridures.xyz\/index.php?rest_route=%2Fwp%2Fv2%2Ftags&post=45"}],"curies":[{"name":"wp","href":"https:\/\/api.w.org\/{rel}","templated":true}]}}