{"id":463,"date":"2023-11-21T15:52:44","date_gmt":"2023-11-21T14:52:44","guid":{"rendered":"https:\/\/ecridures.xyz\/?p=463"},"modified":"2023-11-26T16:59:53","modified_gmt":"2023-11-26T15:59:53","slug":"peur-de-manquer-langoisse-du-manque","status":"publish","type":"post","link":"https:\/\/ecridures.xyz\/?p=463","title":{"rendered":"Peur de manquer \u2013 L\u2019angoisse du manque"},"content":{"rendered":"\n<p>Nicole Fabre, In Press, 2016\/2022.<\/p>\n\n\n\n<p>De la bonne psychanalyse, car ancr\u00e9e dans la pratique (au risque du conflit id\u00e9ologique en \u00e9voquant des situations cliniques ?). Mais \u00e7a me parait bien plus pr\u00e9cis et alors \u00e9vocateur que les g\u00e9n\u00e9ralit\u00e9s fa\u00e7on M\u00e9lanie Klein.<\/p>\n\n\n\n<figure class=\"wp-block-embed is-type-wp-embed is-provider-ditions-in-press wp-block-embed-ditions-in-press\"><div class=\"wp-block-embed__wrapper\">\n<blockquote class=\"wp-embedded-content\" data-secret=\"HNlyQGcpX1\"><a href=\"https:\/\/www.inpress.fr\/livre\/peur-de-manquer\/\">Peur de manquer<\/a><\/blockquote><iframe loading=\"lazy\" class=\"wp-embedded-content\" sandbox=\"allow-scripts\" security=\"restricted\" style=\"position: absolute; clip: rect(1px, 1px, 1px, 1px);\" title=\"\u00ab\u00a0Peur de manquer\u00a0\u00bb &#8212; \u00c9ditions in Press\" src=\"https:\/\/www.inpress.fr\/livre\/peur-de-manquer\/embed\/#?secret=owoEpAqCwh#?secret=HNlyQGcpX1\" data-secret=\"HNlyQGcpX1\" width=\"600\" height=\"338\" frameborder=\"0\" marginwidth=\"0\" marginheight=\"0\" scrolling=\"no\"><\/iframe>\n<\/div><\/figure>\n","protected":false},"excerpt":{"rendered":"<p>Nicole Fabre, In Press, 2016\/2022. De la bonne psychanalyse, car ancr\u00e9e dans la pratique (au risque du conflit id\u00e9ologique en \u00e9voquant des situations cliniques ?). Mais \u00e7a me parait bien plus pr\u00e9cis et alors \u00e9vocateur que les g\u00e9n\u00e9ralit\u00e9s fa\u00e7on M\u00e9lanie Klein.<\/p>\n","protected":false},"author":1,"featured_media":0,"comment_status":"open","ping_status":"open","sticky":false,"template":"","format":"standard","meta":{"footnotes":""},"categories":[121],"tags":[122,244],"class_list":["post-463","post","type-post","status-publish","format-standard","hentry","category-psychanalyse","tag-in-press","tag-nicole-fabre"],"_links":{"self":[{"href":"https:\/\/ecridures.xyz\/index.php?rest_route=\/wp\/v2\/posts\/463","targetHints":{"allow":["GET"]}}],"collection":[{"href":"https:\/\/ecridures.xyz\/index.php?rest_route=\/wp\/v2\/posts"}],"about":[{"href":"https:\/\/ecridures.xyz\/index.php?rest_route=\/wp\/v2\/types\/post"}],"author":[{"embeddable":true,"href":"https:\/\/ecridures.xyz\/index.php?rest_route=\/wp\/v2\/users\/1"}],"replies":[{"embeddable":true,"href":"https:\/\/ecridures.xyz\/index.php?rest_route=%2Fwp%2Fv2%2Fcomments&post=463"}],"version-history":[{"count":4,"href":"https:\/\/ecridures.xyz\/index.php?rest_route=\/wp\/v2\/posts\/463\/revisions"}],"predecessor-version":[{"id":487,"href":"https:\/\/ecridures.xyz\/index.php?rest_route=\/wp\/v2\/posts\/463\/revisions\/487"}],"wp:attachment":[{"href":"https:\/\/ecridures.xyz\/index.php?rest_route=%2Fwp%2Fv2%2Fmedia&parent=463"}],"wp:term":[{"taxonomy":"category","embeddable":true,"href":"https:\/\/ecridures.xyz\/index.php?rest_route=%2Fwp%2Fv2%2Fcategories&post=463"},{"taxonomy":"post_tag","embeddable":true,"href":"https:\/\/ecridures.xyz\/index.php?rest_route=%2Fwp%2Fv2%2Ftags&post=463"}],"curies":[{"name":"wp","href":"https:\/\/api.w.org\/{rel}","templated":true}]}}