{"id":660,"date":"2024-02-03T11:14:06","date_gmt":"2024-02-03T10:14:06","guid":{"rendered":"https:\/\/ecridures.xyz\/?p=660"},"modified":"2024-08-09T18:31:38","modified_gmt":"2024-08-09T16:31:38","slug":"levaluation-ergologique-ce-que-les-chiffres-ne-montrent-pas","status":"publish","type":"post","link":"https:\/\/ecridures.xyz\/?p=660","title":{"rendered":"L\u2019\u00e9valuation ergologique \u2013 Ce que les chiffres ne montrent pas"},"content":{"rendered":"\n<p>Ingrid Dromard, Octar\u00e8s, 2023.<\/p>\n\n\n\n<p>Page&nbsp;29. Dujarrier&nbsp;: distinction entre prestations de services (t\u00e2ches) et relation de service (postures)<\/p>\n\n\n\n<p>Faut-il prendre position par rapport \u00e0 l\u2019\u00e9valuation quantitative, les indicateurs\u2009? Expliciter le \u00ab&nbsp;compl\u00e9mentaire&nbsp;\u00bb\u2009?<\/p>\n\n\n\n<p>Deux niveaux de critiques&nbsp;:<\/p>\n\n\n\n<ul class=\"wp-block-list\">\n<li>l\u2019entr\u00e9e par les chiffres&nbsp;: abstraction, voire d\u00e9ni du travail du vivant, r\u00e9duit \u00e0 une \u00e9chelle.<\/li>\n\n\n\n<li>l\u2019utilisation de ces \u00e9valuations quantitatives afin de redimensionner les moyens disponibles&nbsp;: alimentation d\u2019une logique budg\u00e9taire<\/li>\n<\/ul>\n\n\n\n<p>Durkheim&nbsp;: jugement de r\u00e9alit\u00e9 (je m\u2019y suis mal pris) vs jugement de valeur (j\u2019ai fait du bon travail)<\/p>\n\n\n\n<p>Comment d\u00e9passer le \u00ab&nbsp;on fait de notre mieux&nbsp;\u00bb pour des actions qui sont n\u00e9cessairement ouvertes, une \u00ab&nbsp;praxis&nbsp;\u00bb (page&nbsp;42) qui ne se limite pas \u00e0 la (plus ou moins) bonne application de consignes ou m\u00eame de savoirs ant\u00e9c\u00e9dents\u2009?<\/p>\n\n\n\n<p>Elle r\u00e9p\u00e8te beaucoup le truisme&nbsp;: l\u2019\u00e9valuation quantitative ne saisit pas l\u2019inquantifiable. Dans le cas du travail social&nbsp;: focalisation sur \u00ab&nbsp;le secours&nbsp;\u00bb au d\u00e9triment du \u00ab&nbsp;soutien&nbsp;\u00bb (Fr\u00e9d\u00e9ric Worms, 2012).<\/p>\n\n\n\n<p>Effet pervers&nbsp;: des travailleurs sociaux sont incit\u00e9s \u00e0 faire du chiffre.<\/p>\n\n\n\n<p>Biais de l\u2019\u00e9valuation&nbsp;: on se consacre \u00e0 ce qui sera \u00e9valu\u00e9, plut\u00f4t qu\u2019\u00e0 ce qui ne peut pas l\u2019\u00eatre (ou bien pas facilement, ou bien pas toujours, ou bien pas ce coup-l\u00e0, etc.)<\/p>\n\n\n\n<p>\u00c0 distinguer&nbsp;: \u00e9valuation en soi\u2009; son usage. Elle plaque \u00e9valuation quantitative, gestion et restrictions budg\u00e9taires, normalisation descendante. Mais on peut imaginer des usages pervers de l\u2019\u00e9valuation qualitative (obligation de transparence, injonction \u00e0 rendre compte, jugements polaris\u00e9s ext\u00e9rieurs), et des effets positifs de l\u2019\u00e9valuation quantitative (ajuster confortablement moyens et besoins).<\/p>\n\n\n\n<p>Fran\u00e7ois Vatin&nbsp;: \u00ab&nbsp;Inutile de d\u00e9noncer l\u2019avenir d\u00e9sesp\u00e9rant d\u2019une rationalisation int\u00e9grale, car celle-ci, par hypoth\u00e8se, ne saurait advenir.&nbsp;\u00bb<\/p>\n\n\n\n<p>Page&nbsp;131. Bon r\u00e9sum\u00e9 d\u2019une approche qui se tient, qui converge \u00e0 la n\u00f4tre, mais qui ne va pas bien loin. Je trouve que l\u2019\u00e9criture ne lui apporte pas grand-chose, ne la fait pas \u00e9laborer conceptuellement. \u00c7a tourne en rond, \u00e7a brasse de l\u2019air.<\/p>\n\n\n\n<p>Chapitre&nbsp;11. Finalement, elle produit l\u2019analyse \u00e0 la place des personnes. Et ce qui l\u2019occupe dans ce livre n\u2019est pas tant la question de l\u2019\u00e9valuation, \u00e0 partir d\u2019un cas, que ce cas lui-m\u00eame, le travail social.<\/p>\n\n\n\n<p>Page&nbsp;206, figure&nbsp;11&nbsp;: sch\u00e9ma vs r\u00e9cit\u2009!<\/p>\n\n\n\n<p>Page&nbsp;207. Les d\u00e9buts de chapitre, avec des tentatives de d\u00e9finition conceptuelle, sont \u00e9difiants&nbsp;: ici \u00e0 propos de l\u2019\u00e9valuation.<\/p>\n\n\n\n<figure class=\"wp-block-embed is-type-wp-embed is-provider-la-compagnie-pourquoi-se-lever-le-matin wp-block-embed-la-compagnie-pourquoi-se-lever-le-matin\"><div class=\"wp-block-embed__wrapper\">\n<blockquote class=\"wp-embedded-content\" data-secret=\"Glker0JHos\"><a href=\"https:\/\/pourquoiseleverlematin.org\/2023\/10\/14\/levaluation-ergologique-ce-que-les-chiffres-ne-montrent-pas\/\">L\u2019\u00e9valuation ergologique. Ce que les chiffres ne montrent&nbsp;pas<\/a><\/blockquote><iframe loading=\"lazy\" class=\"wp-embedded-content\" sandbox=\"allow-scripts\" security=\"restricted\" style=\"position: absolute; visibility: hidden;\" title=\"&laquo;&nbsp;L\u2019\u00e9valuation ergologique. Ce que les chiffres ne montrent&nbsp;pas&nbsp;&raquo; &#8212; La Compagnie Pourquoi se lever le matin !\" src=\"https:\/\/pourquoiseleverlematin.org\/2023\/10\/14\/levaluation-ergologique-ce-que-les-chiffres-ne-montrent-pas\/embed\/#?secret=YVhyvUEXjW#?secret=Glker0JHos\" data-secret=\"Glker0JHos\" width=\"600\" height=\"338\" frameborder=\"0\" marginwidth=\"0\" marginheight=\"0\" scrolling=\"no\"><\/iframe>\n<\/div><\/figure>\n","protected":false},"excerpt":{"rendered":"<p>Ingrid Dromard, Octar\u00e8s, 2023. Page&nbsp;29. Dujarrier&nbsp;: distinction entre prestations de services (t\u00e2ches) et relation de service (postures) Faut-il prendre position par rapport \u00e0 l\u2019\u00e9valuation quantitative, les indicateurs\u2009? Expliciter le \u00ab&nbsp;compl\u00e9mentaire&nbsp;\u00bb\u2009? Deux niveaux de critiques&nbsp;: Durkheim&nbsp;: jugement de r\u00e9alit\u00e9 (je m\u2019y suis mal pris) vs jugement de valeur (j\u2019ai fait du bon travail) Comment d\u00e9passer le &hellip; <a href=\"https:\/\/ecridures.xyz\/?p=660\" class=\"more-link\">Continuer la lecture<span class=\"screen-reader-text\"> de &laquo;&nbsp;L\u2019\u00e9valuation ergologique \u2013 Ce que les chiffres ne montrent pas&nbsp;&raquo;<\/span><\/a><\/p>\n","protected":false},"author":1,"featured_media":0,"comment_status":"closed","ping_status":"","sticky":false,"template":"","format":"standard","meta":{"footnotes":""},"categories":[47,332],"tags":[333,334],"class_list":["post-660","post","type-post","status-publish","format-standard","hentry","category-analyse-du-travail","category-ergologie","tag-ingrid-dromard","tag-octares"],"_links":{"self":[{"href":"https:\/\/ecridures.xyz\/index.php?rest_route=\/wp\/v2\/posts\/660","targetHints":{"allow":["GET"]}}],"collection":[{"href":"https:\/\/ecridures.xyz\/index.php?rest_route=\/wp\/v2\/posts"}],"about":[{"href":"https:\/\/ecridures.xyz\/index.php?rest_route=\/wp\/v2\/types\/post"}],"author":[{"embeddable":true,"href":"https:\/\/ecridures.xyz\/index.php?rest_route=\/wp\/v2\/users\/1"}],"replies":[{"embeddable":true,"href":"https:\/\/ecridures.xyz\/index.php?rest_route=%2Fwp%2Fv2%2Fcomments&post=660"}],"version-history":[{"count":2,"href":"https:\/\/ecridures.xyz\/index.php?rest_route=\/wp\/v2\/posts\/660\/revisions"}],"predecessor-version":[{"id":996,"href":"https:\/\/ecridures.xyz\/index.php?rest_route=\/wp\/v2\/posts\/660\/revisions\/996"}],"wp:attachment":[{"href":"https:\/\/ecridures.xyz\/index.php?rest_route=%2Fwp%2Fv2%2Fmedia&parent=660"}],"wp:term":[{"taxonomy":"category","embeddable":true,"href":"https:\/\/ecridures.xyz\/index.php?rest_route=%2Fwp%2Fv2%2Fcategories&post=660"},{"taxonomy":"post_tag","embeddable":true,"href":"https:\/\/ecridures.xyz\/index.php?rest_route=%2Fwp%2Fv2%2Ftags&post=660"}],"curies":[{"name":"wp","href":"https:\/\/api.w.org\/{rel}","templated":true}]}}