{"id":841,"date":"2024-06-18T21:31:20","date_gmt":"2024-06-18T19:31:20","guid":{"rendered":"https:\/\/ecridures.xyz\/?p=841"},"modified":"2024-06-23T09:38:38","modified_gmt":"2024-06-23T07:38:38","slug":"pouvoir-faire-du-beau-travail-une-revendication-professionnelle","status":"publish","type":"post","link":"https:\/\/ecridures.xyz\/?p=841","title":{"rendered":"Pouvoir faire du beau travail \u2013 Une revendication professionnelle"},"content":{"rendered":"\n<p>Jean-Philippe Bouilloud, \u00c9r\u00e8s, 2023.<\/p>\n\n\n\n<p><a href=\"https:\/\/www.editions-eres.com\/ouvrage\/5055\/pouvoir-faire-un-beau-travail\">https:\/\/www.editions-eres.com\/ouvrage\/5055\/pouvoir-faire-un-beau-travail<\/a><\/p>\n\n\n\n<p>Si je me fie \u00e0 mon sens esth\u00e9tique, je dirais\u00a0: \u00ab\u2009livre rat\u00e9\u2009\u00bb. Je pourrais chercher \u00e0 rationaliser cette impression\u00a0: la perplexit\u00e9 \u00e0 tenter de suivre le fil d\u2019une pens\u00e9e qui musarde beaucoup, qui papillonne d\u2019une r\u00e9f\u00e9rence \u00e0 l\u2019autre\u2009; le flou conceptuel autour du \u00ab\u2009beau travail\u2009\u00bb, qui amalgame la belle ouvrage de l\u2019artiste, le beau geste du manager vertueux, le travail bien fait de l\u2019OS sur la chaine qui visse de son mieux les boulons, voire du d\u00e9tenu du camp qui tient malgr\u00e9 tout \u00e0 monter son mur droit\u2009; \u00e0 un autre niveau, la r\u00e9daction souvent un peu lourde \u00e0 mon oreille (par exemple, en ouvrant le livre au hasard, page\u00a0101\u00a0: \u00ab\u2009parall\u00e8lement \u00e0 cette mont\u00e9e en puissance d\u2019une approche rationnelle du travail dans un contexte de mont\u00e9e en puissance du capitalisme industriel, les objets de l\u2019artisanat deviennent un nouvel enjeu industriel, qui va permettre une production de masse.\u2009\u00bb Pour moi, \u00e0 tout point de vue, vraiment pas une belle phrase\u2009!). Mais j\u2019ai envie de prendre au s\u00e9rieux ce souci de cultiver le sens esth\u00e9tique comme crit\u00e8re de jugement\u00a0: il n\u2019est pas indispensable de mobiliser une argumentation savante pour estimer, \u00e0 la vue d\u2019un champ de panneaux solaires au milieu d\u2019une campagne, des entrep\u00f4ts d\u2019une zone commerciale, au bruit \u00e0 l\u2019odeur d\u2019un p\u00e9age d\u2019autoroute, que quelque chose cloche dans notre monde. Je sors de cette lecture avec un sentiment de frustration, parce que le sujet est d\u2019importance, de d\u00e9ception, parce que le titre et le sommaire sont aguicheurs, d\u2019indigestion, parce que la multitude de r\u00e9f\u00e9rences de consid\u00e9rations sociohistoriques qui s\u2019enchainent de page en page m\u00e9riterait beaucoup plus de soins et d\u2019\u00e9gard, de l\u2019auteur comme du lecteur. Reste une envie, ajouter cette question au panel des relances dans un entretien de collecte\u00a0: c\u2019est quoi pour vous, du beau travail\u2009?<\/p>\n\n\n\n<p><a href=\"https:\/\/www.lemonde.fr\/emploi\/article\/2023\/04\/06\/pouvoir-faire-un-beau-travail-quand-le-travail-bien-fait-est-assimile-a-un-acte-de-resistance_6168472_1698637.html\">https:\/\/www.lemonde.fr\/emploi\/article\/2023\/04\/06\/pouvoir-faire-un-beau-travail-quand-le-travail-bien-fait-est-assimile-a-un-acte-de-resistance_6168472_1698637.html<\/a><\/p>\n\n\n\n<p><a href=\"https:\/\/www.cairn.info\/revue-gestion-2024-2-page-111.htm\">https:\/\/www.cairn.info\/revue-gestion-2024-2-page-111.htm<\/a><\/p>\n","protected":false},"excerpt":{"rendered":"<p>Jean-Philippe Bouilloud, \u00c9r\u00e8s, 2023. https:\/\/www.editions-eres.com\/ouvrage\/5055\/pouvoir-faire-un-beau-travail Si je me fie \u00e0 mon sens esth\u00e9tique, je dirais\u00a0: \u00ab\u2009livre rat\u00e9\u2009\u00bb. Je pourrais chercher \u00e0 rationaliser cette impression\u00a0: la perplexit\u00e9 \u00e0 tenter de suivre le fil d\u2019une pens\u00e9e qui musarde beaucoup, qui papillonne d\u2019une r\u00e9f\u00e9rence \u00e0 l\u2019autre\u2009; le flou conceptuel autour du \u00ab\u2009beau travail\u2009\u00bb, qui amalgame la belle ouvrage &hellip; <a href=\"https:\/\/ecridures.xyz\/?p=841\" class=\"more-link\">Continuer la lecture<span class=\"screen-reader-text\"> de &laquo;&nbsp;Pouvoir faire du beau travail \u2013 Une revendication professionnelle&nbsp;&raquo;<\/span><\/a><\/p>\n","protected":false},"author":1,"featured_media":0,"comment_status":"closed","ping_status":"","sticky":false,"template":"","format":"standard","meta":{"footnotes":""},"categories":[47,181],"tags":[463,462],"class_list":["post-841","post","type-post","status-publish","format-standard","hentry","category-analyse-du-travail","category-travail","tag-eres","tag-jean-philippe-bouilloud"],"_links":{"self":[{"href":"https:\/\/ecridures.xyz\/index.php?rest_route=\/wp\/v2\/posts\/841","targetHints":{"allow":["GET"]}}],"collection":[{"href":"https:\/\/ecridures.xyz\/index.php?rest_route=\/wp\/v2\/posts"}],"about":[{"href":"https:\/\/ecridures.xyz\/index.php?rest_route=\/wp\/v2\/types\/post"}],"author":[{"embeddable":true,"href":"https:\/\/ecridures.xyz\/index.php?rest_route=\/wp\/v2\/users\/1"}],"replies":[{"embeddable":true,"href":"https:\/\/ecridures.xyz\/index.php?rest_route=%2Fwp%2Fv2%2Fcomments&post=841"}],"version-history":[{"count":3,"href":"https:\/\/ecridures.xyz\/index.php?rest_route=\/wp\/v2\/posts\/841\/revisions"}],"predecessor-version":[{"id":871,"href":"https:\/\/ecridures.xyz\/index.php?rest_route=\/wp\/v2\/posts\/841\/revisions\/871"}],"wp:attachment":[{"href":"https:\/\/ecridures.xyz\/index.php?rest_route=%2Fwp%2Fv2%2Fmedia&parent=841"}],"wp:term":[{"taxonomy":"category","embeddable":true,"href":"https:\/\/ecridures.xyz\/index.php?rest_route=%2Fwp%2Fv2%2Fcategories&post=841"},{"taxonomy":"post_tag","embeddable":true,"href":"https:\/\/ecridures.xyz\/index.php?rest_route=%2Fwp%2Fv2%2Ftags&post=841"}],"curies":[{"name":"wp","href":"https:\/\/api.w.org\/{rel}","templated":true}]}}